{"id":1864,"date":"2019-09-26T08:52:34","date_gmt":"2019-09-26T06:52:34","guid":{"rendered":"https:\/\/www.socialchangeswitzerland.ch\/?p=1864"},"modified":"2022-12-23T12:00:36","modified_gmt":"2022-12-23T10:00:36","slug":"au-fil-du-temps-et-des-rencontres-une-cartographie-des-reseaux-personnels-en-suisse","status":"publish","type":"post","link":"https:\/\/www.socialchangeswitzerland.ch\/?p=1864","title":{"rendered":"Au fil du temps et des rencontres : une cartographie des r\u00e9seaux personnels en Suisse"},"content":{"rendered":"<h2>Introduction<\/h2>\n<p>A l&#8217;heure o\u00f9 les parcours de vie se pluralisent, on peut se demander dans quelle mesure ce ph\u00e9nom\u00e8ne se traduit \u00e9galement par une diversification des r\u00e9seaux de relations personnelles. Les relations familiales restent-elles centrales ou, au contraire, s&#8217;effacent-elles au profit d&#8217;autres liens en fonction de la survenance de transitions et \u00e9v\u00e9nements de vie particuliers\u00a0? Cette question est capitale dans un contexte o\u00f9 le recours \u00e0 la solidarit\u00e9 familiale reste au c\u0153ur des politiques publiques (garde des jeunes enfants, financement des \u00e9tudes, aide aux seniors). Alors que les trajectoires familiales se complexifient (sous l\u2019effet de la baisse de la f\u00e9condit\u00e9, des divorces, des recompositions familiales, de la conciliation travail-famille, etc.), d&#8217;autres acteurs sociaux, comme des ami\u00b7e\u00b7s ou des coll\u00e8gues, peuvent \u00eatre amen\u00e9\u00b7e\u00b7s \u00e0 jouer un r\u00f4le-cl\u00e9 comme pourvoyeur de soutien \u00e9motionnel et mat\u00e9riel.<\/p>\n<p>Dans cet article, nous mettons en lumi\u00e8re la mani\u00e8re dont les liens familiaux et non-familiaux se d\u00e9clinent \u00e0 partir de l&#8217;\u00e9tude <em>Family tiMes<\/em> qui \u00e9tablit pour chaque r\u00e9pondant\u00b7e la liste des gens qui importent dans sa vie. Sur cette base, nous montrons qui sont les personnes qui se distancient du mod\u00e8le de la famille dite nucl\u00e9aire et quelles sont les particularit\u00e9s de leurs trajectoires familiales. Ainsi en apportant une description fine de la relation qui existe entre la forme des parcours de vie et la composition des r\u00e9seaux personnels, nous contribuons \u00e0 une r\u00e9flexion sur la distribution des ressources relationnelles en Suisse. Ces connaissances peuvent \u00eatre utiles pour mieux identifier les groupes \u00e0 risque et d\u00e9velopper des politiques sociales et familiales qui tiennent compte des al\u00e9as des trajectoires familiales contemporaines et de leurs cons\u00e9quences.<\/p>\n<h2>Des liens privil\u00e9gi\u00e9s tiss\u00e9s au fil des parcours de vie<\/h2>\n<p>Tout au long de son parcours de vie, un individu est mis en relation avec de nombreuses personnes, en premier lieu les membres de sa famille, mais aussi ses voisins, camarades d&#8217;\u00e9cole, coll\u00e8gues de travail, ou d&#8217;autres personnes encore avec lesquelles il ou elle partage un loisir commun ou simplement la fr\u00e9quentation d&#8217;un m\u00eame lieu. La famille nucl\u00e9aire &#8211; que ce soit celle qui lie l&#8217;individu \u00e0 ses parents \u00e0 sa naissance ou celle qu&#8217;il peut cr\u00e9er lui-m\u00eame \u00e0 l&#8217;\u00e2ge adulte &#8211; a une importance capitale. Elle g\u00e9n\u00e8re des interd\u00e9pendances multiples et durables &#8211; qui peuvent \u00eatre fonctionnelles, l\u00e9gales ou affectives &#8211; entre parents et enfants d\u2019une part et entre conjoints d\u2019autre part (De Singly, 1996\u00a0; Kellerhals &amp; Widmer, 2012). Il ne faut cependant pas sous-estimer l\u2019importance des liens extra-familiaux, que ceux-ci soient per\u00e7us comme secondaires, subsidiaires, \u00e9quivalents, voire m\u00eame sup\u00e9rieurs aux liens familiaux (Allan, 2008\u00a0; Pahl &amp; Spencer, 2004).<\/p>\n<p>D\u00e8s lors, on peut se demander quelle importance est accord\u00e9e \u00e0 la famille en Suisse. Une \u00e9tude internationale sur les pratiques de sociabilit\u00e9 et les normes de solidarit\u00e9 r\u00e9v\u00e8le que, dans les r\u00e9gimes d&#8217;\u00c9tat social de type lib\u00e9ral comme la Suisse, l&#8217;accent est fortement mis sur la solidarit\u00e9 familiale et sur l&#8217;autonomie individuelle (Ganjour &amp; Widmer, 2016). Pourtant, dans une recherche sur les familles dans le canton de Gen\u00e8ve, pr\u00e8s d\u2019un tiers des personnes interrog\u00e9es citent des ami\u00b7e\u00b7s comme membres \u00e0 part enti\u00e8re de leur famille, ce qui montre bien une certaine perm\u00e9abilit\u00e9 des fronti\u00e8res familiales (Widmer et al., 2012). Enfin, dans une autre \u00e9tude suisse bas\u00e9e sur les personnes avec lesquelles on discute de sujets importants, les liens d&#8217;amiti\u00e9 et les liens professionnels sont cit\u00e9s respectivement par environ deux cinqui\u00e8mes et un tiers des participant\u00b7e\u00b7s (Viry, 2012).<\/p>\n<p>Parall\u00e8lement \u00e0 la composition des r\u00e9seaux personnels, se pose la question de l\u2019aide que leurs membres peuvent apporter aux r\u00e9pondant\u00b7e\u00b7s. On peut consid\u00e9rer cette qualit\u00e9 comme une dimension essentielle de l\u2019int\u00e9gration, mesur\u00e9e ici \u00e0 l\u2019aune des \u00e9changes de soutien \u00e9motionnel qui ont lieu entre les membres d&#8217;un m\u00eame r\u00e9seau. Lorsque ces \u00e9changes sont tr\u00e8s denses et que le r\u00e9seau est interconnect\u00e9, on est en pr\u00e9sence de capital social de type <em>cha\u00eene<\/em>, alors que dans les cas o\u00f9 ces \u00e9changes sont moins denses et que le r\u00e9seau est davantage centralis\u00e9 autour d&#8217;une personne-cl\u00e9, on parlera de capital social de type <em>pont<\/em> (Burt, 2002\u00a0; Coleman, 1988\u00a0; Widmer, 2010). Comparativement, le premier est plus protecteur et plus enfermant que le second, qui permet lui une plus grande libert\u00e9 d\u2019action, mais offre moins de s\u00e9curit\u00e9 \u00e0 ses membres.<\/p>\n<p>Les parcours de vie des individus peuvent \u00eatre d\u00e9crits comme une succession de phases distinctes, s\u00e9par\u00e9es par des transitions r\u00e9alis\u00e9es dans diff\u00e9rents domaines de vie comme ceux de la famille et de l\u2019activit\u00e9 professionnelle. Chaque phase est associ\u00e9e \u00e0 un ou plusieurs statut(s) et r\u00f4le(s) sociaux sp\u00e9cifiques et, par cons\u00e9quent, \u00e0 la possibilit\u00e9 de cr\u00e9er de nouvelles relations significatives. Les modalit\u00e9s selon lesquelles les diff\u00e9rentes phases et transitions des parcours de vie se succ\u00e8dent ont connu des transformations importantes au cours du temps. De fa\u00e7on sch\u00e9matique, en lien avec les profonds changements \u00e9conomiques et sociaux survenus au cours du XX\u00e8me si\u00e8cle, les parcours de vie des individus ont d&#8217;abord connu une premi\u00e8re phase dite de \u00ab\u00a0standardisation\u00a0\u00bb, r\u00e9sultat de l&#8217;institutionnalisation des \u00e2ges de la vie en trois grandes \u00e9tapes fortement int\u00e9gr\u00e9es les unes aux autres\u00a0: la formation, la production et la retraite. Mais depuis la fin du XX\u00e8me si\u00e8cle, on assiste \u00e0 l\u2019\u00e9mergence d\u2019une phase de \u00ab\u00a0d\u00e9-standardisation\u00a0\u00bb associ\u00e9e \u00e0 une plus grande incertitude dans le d\u00e9roulement des vies individuelles, tant au niveau des trajectoires professionnelles que familiales (Levy &amp; Widmer, 2013). Cela se traduit par une pluralisation et une sexuation limit\u00e9es des parcours de vie, notamment en ce qui concerne la trajectoire professionnelle. En Suisse, on observe la pr\u00e9dominance d&#8217;un mod\u00e8le ax\u00e9 sur le temps plein pour les hommes et la coexistence de plusieurs mod\u00e8les pour les femmes. Ces mod\u00e8les sont caract\u00e9ris\u00e9s par un retrait plus ou moins prononc\u00e9 du march\u00e9 du travail des femmes et refl\u00e8tent \u00e0 quel point les t\u00e2ches domestiques leur incombent encore en priorit\u00e9 (Le Goff &amp; Levy, 2016). De mani\u00e8re g\u00e9n\u00e9rale, la plupart des transitions sont r\u00e9versibles (comme le mariage et le divorce) et donc potentiellement associ\u00e9es \u00e0 des changements de r\u00f4les, lesquels peuvent conduire dans une certaine mesure \u00e0 des changements dans la composition et la structure des r\u00e9seaux personnels.<\/p>\n<p>On peut d\u00e8s lors se demander si, \u00e0 l&#8217;\u00e9chelle d&#8217;un pays comme la Suisse, cette pluralisation des parcours de vie se traduit \u00e9galement par une diversification des r\u00e9seaux personnels ou si les liens familiaux gardent leur primaut\u00e9\u00a0? C\u2019est \u00e0 ces questions que cet article propose d\u2019apporter quelques \u00e9l\u00e9ments de r\u00e9ponse bas\u00e9s sur des donn\u00e9es d\u2019enqu\u00eate.<\/p>\n<h2>L\u2019enqu\u00eate Family tiMes<\/h2>\n<p>L&#8217;enqu\u00eate <em>Family tiMes<\/em> \u00ab\u00a0Trajectoires familiales et r\u00e9seaux sociaux: une perspective configuration\u00adnelle sur le parcours de vie\u00a0\u00bb<a href=\"#_ftn1\" name=\"_ftnref1\">[1]<\/a> a interrog\u00e9, en 2011, 803 personnes r\u00e9sidant en Suisse, r\u00e9parties entre deux cohortes de naissance (1950-1955 et 1970-1975), avec 51% de femmes et 82% de personnes ayant la nationalit\u00e9 suisse. Les deux tiers des r\u00e9pondant\u00b7e\u00b7s sont au b\u00e9n\u00e9fice d\u2019une formation professionnelle, un cinqui\u00e8me d\u2019entre eux dispose d\u2019une formation tertiaire. On trouve en outre 11% d\u2019individus qui n\u2019ont pas d\u00e9pass\u00e9 l\u2019\u00e9cole obligatoire et 7% qui se sont arr\u00eat\u00e9s apr\u00e8s l\u2019obtention d\u2019une maturit\u00e9 f\u00e9d\u00e9rale ou d\u2019un dipl\u00f4me de culture g\u00e9n\u00e9rale. Le design de recherche est original dans le sens qu\u2019il combine des instruments tels que des calendriers de vie et une approche sociom\u00e9trique des r\u00e9seaux personnels (Widmer, Aeby, &amp; Sapin, 2013). Les calendriers de vie ont permis de reconstruire de fa\u00e7on r\u00e9trospective les trajectoires familiales des r\u00e9pondant\u00b7e\u00b7s. Sur cette base a \u00e9t\u00e9 cr\u00e9\u00e9e une typologie de parcours de vie (Gauthier, 2013). Les r\u00e9seaux personnels quant \u00e0 eux ont \u00e9t\u00e9 construits \u00e0 partir d\u2019une question standard \u00ab\u00a0Qui sont les personnes qui, au cours de l&#8217;ann\u00e9e pass\u00e9e, ont \u00e9t\u00e9 tr\u00e8s importantes pour vous, m\u00eame si vous ne vous entendiez pas bien avec elles ?\u00a0\u00bb.<\/p>\n<h2>La diversit\u00e9 des r\u00e9seaux personnels<\/h2>\n<p>La taille moyenne des r\u00e9seaux des personnes tr\u00e8s importantes pour\u00a0 nos r\u00e9pondant\u00b7e\u00b7s est de 3.9 membres<a href=\"#_ftn2\" name=\"_ftnref2\">[2]<\/a>. On peut distinguer les petits r\u00e9seaux (compos\u00e9s d&#8217;un ou deux membres, 23.4%), les r\u00e9seaux moyens (trois ou quatre membres, 47.5%) et les grands r\u00e9seaux (cinq membres ou plus, 29%). En examinant plus en d\u00e9tails les types de liens les plus fr\u00e9quemment cit\u00e9s, on constate que c&#8217;est le ou la conjoint\u00b7e qui arrive en premi\u00e8re position (73%) ind\u00e9pendamment du statut marital, puis viennent les ami\u00b7e\u00b7s (45.3%) et les enfants (44.6%). Ensuite, c&#8217;est la famille d&#8217;orientation qui est mentionn\u00e9e avec les parents (32.8%), ainsi que les fr\u00e8res et s\u0153urs (29.8%). Ainsi des liens familiaux ascendants (parents), descendants (enfants) et lat\u00e9raux (fratrie) se d\u00e9clinent dans les r\u00e9seaux personnels.<\/p>\n<p>Pour r\u00e9duire cette information en conservant ses multiples dimensions, nous avons utilis\u00e9 une analyse en composantes principales associ\u00e9e \u00e0 une proc\u00e9dure de classification hi\u00e9rarchique\u00a0 bas\u00e9e sur les types de liens cit\u00e9s. Cela a permis de cr\u00e9er une typologie des r\u00e9seaux personnels en sept types que nous d\u00e9crivons bri\u00e8vement dans ce qui suit (voir Tableau 1). On trouve un type centr\u00e9 sur le\/la conjoint\u00b7e et les enfants, c&#8217;est-\u00e0-dire la famille de procr\u00e9ation (le r\u00e9seau <em>Procr\u00e9ation<\/em>, 23.0%), un type orient\u00e9 vers les parents, c&#8217;est-\u00e0-dire la famille d&#8217;orientation (le r\u00e9seau <em>Orientation<\/em>, 13.0%), un type privil\u00e9giant la fratrie (le r\u00e9seau <em>Fraternel<\/em>, 12.3%), un type int\u00e9grant la parent\u00e9 plus large (le r\u00e9seau <em>Parent\u00e8le<\/em>, 8.6%), un type faisant la part belle \u00e0 la conjointe et aux amis (le r\u00e9seau <em>Amical masculin<\/em>, 10.9%), un type orient\u00e9 vers les enfants et les amies (le r\u00e9seau <em>Amical f\u00e9minin<\/em>, 24.9%)<a href=\"#_ftn3\" name=\"_ftnref3\">[3]<\/a>, et enfin un type qui int\u00e8gre des liens extra-familiaux comme des coll\u00e8gues (le r\u00e9seau <em>Professionnel<\/em>, 7.3%). La distribution entre les deux cohortes de naissance est assez \u00e9quilibr\u00e9e, mais le r\u00e9seau <em>Orientation<\/em> est plus typique de la cohorte la plus jeune alors que le r\u00e9seau <em>Professionnel<\/em> est l\u00e9g\u00e8rement plus repr\u00e9sent\u00e9 dans la cohorte la plus ancienne.<\/p>\n<p>Il y a diff\u00e9rents indicateurs qui permettent de mesurer le capital social de types cha\u00eene et pont, mais ici nous allons observer uniquement la densit\u00e9 des \u00e9changes de soutien \u00e9motionnel et la centralit\u00e9 de la personne r\u00e9pondante (ego) dans ces \u00e9changes<a href=\"#_ftn4\" name=\"_ftnref4\">[4]<\/a>. Nous constatons que les r\u00e9seaux <em>Amical masculin<\/em> et <em>Procr\u00e9ation<\/em> sont tr\u00e8s denses et que tous les r\u00e9seaux qui mettent l&#8217;accent sur les relations \u00e9lectives ont une forte centralit\u00e9 d&#8217;ego (<em>Amical masculin, Amical f\u00e9minin, Professionnel<\/em>). La taille des r\u00e9seaux varie \u00e9galement d\u2019un type \u00e0 l\u2019autre. En moyenne, le r\u00e9seau <em>Amical masculin <\/em>est le plus petit (2.7) et le r\u00e9seau <em>Parent\u00e8le<\/em> est le plus grand (5.1).<\/p>\n<p><a href=\"https:\/\/www.socialchangeswitzerland.ch\/wp-content\/uploads\/2019\/09\/Fig1_f.png\"><img loading=\"lazy\" decoding=\"async\" class=\"alignnone wp-image-1870 size-full\" src=\"https:\/\/www.socialchangeswitzerland.ch\/wp-content\/uploads\/2019\/09\/Fig1_f.png\" alt=\"\" width=\"702\" height=\"364\" srcset=\"https:\/\/www.socialchangeswitzerland.ch\/wp-content\/uploads\/2019\/09\/Fig1_f.png 702w, https:\/\/www.socialchangeswitzerland.ch\/wp-content\/uploads\/2019\/09\/Fig1_f-300x156.png 300w\" sizes=\"auto, (max-width: 702px) 100vw, 702px\" \/><\/a><\/p>\n<h2>Des r\u00e9seaux personnels port\u00e9s par des trajectoires familiales<\/h2>\n<p>Dans un deuxi\u00e8me temps, nous avons cherch\u00e9 \u00e0 expliquer la logique de d\u00e9veloppement de ces types de r\u00e9seaux en prenant en compte les trajectoires familiales des r\u00e9pondant\u00b7e\u00b7s, ainsi que leurs caract\u00e9ristiques socio-d\u00e9mographiques<a href=\"#_ftn5\" name=\"_ftnref5\">[5]<\/a>. On constate que les individus qui ont d\u00e9velopp\u00e9 des r\u00e9seaux <em>Procr\u00e9ation<\/em>, centr\u00e9s sur leur conjoint\u00b7e et leur(s) enfant(s), ont une trajectoire familiale marqu\u00e9e par une transition \u00e0 la parentalit\u00e9, souvent dans la vingtaine, suivie par une longue p\u00e9riode pass\u00e9e en famille. Cela met en \u00e9vidence que la transition \u00e0 elle seule ne suffit pas \u00e0 fa\u00e7onner le r\u00e9seau de relations, c\u2019est bien l\u2019exp\u00e9rience de la parentalit\u00e9 dans la dur\u00e9e qui est d\u00e9terminante dans ce cas. Les r\u00e9seaux typiques de cette configuration sont tr\u00e8s denses et interconnect\u00e9s, ils sont donc caract\u00e9ris\u00e9s par un capital social de type cha\u00eene. Le profil de Petra<a href=\"#_ftn6\" name=\"_ftnref6\">[6]<\/a> (Figure 1A), une de nos r\u00e9pondantes qui appartient \u00e0 la cohorte de naissance 1950-1955, permet d\u2019illustrer ce type de r\u00e9seau personnel. Petra a eu son premier enfant \u00e0 26 ans et s&#8217;est ensuite consacr\u00e9e essentiellement \u00e0 son foyer qui abrite son conjoint et trois enfants, avec quelques \u00e9pisodes d&#8217;emploi \u00e0 temps partiel. Son r\u00e9seau personnel est centr\u00e9 sur l&#8217;une de ses filles, sur son conjoint et sur sa s\u0153ur cadette. Toutes ces personnes sont engag\u00e9es dans des \u00e9changes de soutien \u00e9motionnel les unes avec les autres.<\/p>\n<p><a href=\"https:\/\/www.socialchangeswitzerland.ch\/wp-content\/uploads\/2019\/09\/Fig2_f.png\"><img loading=\"lazy\" decoding=\"async\" class=\"alignnone wp-image-1871 size-full\" src=\"https:\/\/www.socialchangeswitzerland.ch\/wp-content\/uploads\/2019\/09\/Fig2_f.png\" alt=\"\" width=\"709\" height=\"258\" srcset=\"https:\/\/www.socialchangeswitzerland.ch\/wp-content\/uploads\/2019\/09\/Fig2_f.png 709w, https:\/\/www.socialchangeswitzerland.ch\/wp-content\/uploads\/2019\/09\/Fig2_f-300x109.png 300w\" sizes=\"auto, (max-width: 709px) 100vw, 709px\" \/><\/a><\/p>\n<p>Les individus qui ont d\u00e9velopp\u00e9 un r\u00e9seau <em>Orientation<\/em> centr\u00e9s sur les parents sont plus fr\u00e9quemment issus de la cohorte la plus jeune. Il est int\u00e9ressant de noter que certains d\u2019entre eux sont d\u00e9j\u00e0 parents, mais depuis peu seulement. Les personnes caract\u00e9ris\u00e9es par un r\u00e9seau <em>Fraternel,<\/em> centr\u00e9 sur les fr\u00e8res et s\u0153urs, ont davantage tendance \u00e0 avoir v\u00e9cu seules et \u00e0 ne pas avoir investi dans la conjugalit\u00e9 et la parentalit\u00e9. Pour les personnes qui, tout en restant centr\u00e9es sur la famille, int\u00e8grent des personnes hors de la famille nucl\u00e9aire (r\u00e9seau <em>Parent\u00e8le<\/em>), nous voyons que celles-ci ont plus souvent eu une trajectoire familiale centr\u00e9e sur la conjugalit\u00e9. Si nous prenons ensuite les r\u00e9seaux dans lesquels les liens d\u2019amiti\u00e9 et d&#8217;autres liens extra-familiaux pr\u00e9dominent, nous constatons un effet de genre, avec les hommes qui d\u00e9veloppent des r\u00e9seaux centr\u00e9s sur leurs amis et les femmes sur leurs amies. On notera ici que l&#8217;accent sur les liens amicaux est plus typique d&#8217;hommes en couple sans enfant (ou avec des enfants en bas \u00e2ge) d\u2019une part et de femmes c\u00e9libataires avec enfant d&#8217;autre part, ce qui correspond \u00e0 deux \u00e9tapes distinctes du parcours de vie. Finalement, pour le r\u00e9seau <em>Professionnel<\/em>, c&#8217;est surtout l&#8217;effet du niveau d&#8217;\u00e9ducation qui ressort avec une surrepr\u00e9sentation des personnes qui ont achev\u00e9 des \u00e9tudes tertiaires. A titre d&#8217;illustration pour les r\u00e9seaux qui s&#8217;organisent autour des liens extra-familiaux, prenons l\u2019exemple de Carl<a href=\"#_ftn7\" name=\"_ftnref7\">[7]<\/a> (Figure 1B, cohorte 1970-75) qui a un r\u00e9seau de type <em>Amical masculin. <\/em>Carl est en couple, a deux enfants en bas \u00e2ge et travaille \u00e0 plein temps. Dans son r\u00e9seau personnel, il place sa conjointe et ses parents, et fait la part belle \u00e0 ses amis, cinq au total, mais ne mentionne pas ses enfants. Cela r\u00e9v\u00e8le que sa transition \u00e0 la parentalit\u00e9 est r\u00e9cente et, qu\u2019en termes de relations, celle-ci compte moins que sa phase de vie pr\u00e9c\u00e9dente centr\u00e9e sur la conjugalit\u00e9 et l&#8217;amiti\u00e9. Enfin, son r\u00e9seau ressemble \u00e0 une \u00e9toile car il est centralis\u00e9 autour de lui (capital social de type <em>pont<\/em>). Notons encore que le r\u00e9seau de Carl est plus grand que la moyenne pour les r\u00e9seaux de type <em>Amical masculin.<\/em><\/p>\n<h2>Conclusion<\/h2>\n<p>Notre objectif \u00e9tait de questionner la diversit\u00e9 des r\u00e9seaux personnels \u00e0 la lumi\u00e8re de la pluralisation des parcours de vie contemporains en mettant l&#8217;accent sur les personnes qui comptent aux yeux des r\u00e9pondant\u00b7e\u00b7s. Nous avons pu voir la place centrale occup\u00e9e par le ou la conjoint\u00b7e d&#8217;abord et dans une moindre mesure par les enfants. N\u00e9anmoins, une certaine diversit\u00e9 est \u00e9galement \u00e0 l\u2019\u0153uvre, en particulier chez les personnes qui ont des trajectoires familiales dans lesquelles la parentalit\u00e9 est diff\u00e9r\u00e9e ou \u00e9lud\u00e9e au profit d&#8217;une vie conjugale ou de c\u00e9libataire. A cela s&#8217;ajoute la possibilit\u00e9 de conna\u00eetre une rupture conjugale qui donne une nouvelle direction \u00e0 la trajectoire familiale. En prenant comme r\u00e9f\u00e9rence la famille nucl\u00e9aire de procr\u00e9ation, nous constatons donc que les individus s&#8217;\u00e9loignent ou se rapprochent de ce mod\u00e8le en fonction des sp\u00e9cificit\u00e9s de leurs trajectoires familiales.<\/p>\n<p>L&#8217;approche que nous proposons ici est holistique dans le sens qu&#8217;elle prend en compte l&#8217;ensemble du parcours de vie pour rendre compte de la constitution des r\u00e9seaux personnels, au lieu de se focaliser sur un moment particulier comme la transition \u00e0 la parentalit\u00e9. C&#8217;est cette pluralisation limit\u00e9e des parcours de vie qui explique que nous retrouvons plusieurs types de r\u00e9seau. Enfin, des comparaisons internationales de ces m\u00eames analyses permettent par exemple de contextualiser plus largement ces r\u00e9sultats, en montrant que la place centrale donn\u00e9e au conjoint et aux ami\u00b7e\u00b7s est plus pr\u00e9sente dans le contexte de la Suisse en comparaison avec celui du Portugal ou de la Lituanie (Wall et al., 2018).<\/p>\n<p>De mani\u00e8re g\u00e9n\u00e9rale, nos r\u00e9sultats sont \u00e0 comprendre dans une perspective dynamique, dans le sens qu\u2019ils montrent que les relations sociales d\u00e9pendent fortement des \u00e9v\u00e9nements et transitions du parcours de vie. Ils nous invitent d\u00e8s lors \u00e9galement \u00e0 penser et promouvoir des politiques publiques capables de s\u2019ajuster au besoin de chacun\u00b7e et qui ciblent les transitions et \u00e9v\u00e9nements de vie critiques. On peut notamment penser \u00e0 la naissance d&#8217;un enfant, un divorce, un \u00e9pisode de ch\u00f4mage ou un accident \u2013 des \u00e9v\u00e9nements potentiellement \u00e0 m\u00eame de transformer les \u00e9quilibres relationnels et de mettre en difficult\u00e9 les individus et leurs proches.<\/p>\n<p><a href=\"#_ftnref1\" name=\"_ftn1\">[1]<\/a> Financ\u00e9e par le Fonds national suisse de la recherche scientifique (FNS) (n\u00b0 : 100017_130343\/1, 2011-2013). Cette publication a aussi b\u00e9n\u00e9fici\u00e9 du support du P\u00f4le de recherche national LIVES \u2013 Surmonter la vuln\u00e9rabilit\u00e9: perspective du parcours de vie (NCCR LIVES), qui est financ\u00e9 par le FNS (n\u00b0 : \u00a051NF40-160590). Les auteur-e-s remercient le FNS pour son soutien financier.<\/p>\n<p><a href=\"#_ftnref2\" name=\"_ftn2\">[2]<\/a> Sur l&#8217;\u00e9chantillon de base de 803 individus, la partie r\u00e9seau n&#8217;est renseign\u00e9e que pour 786 cas \u00e0 cause d&#8217;un probl\u00e8me sur le terrain. Sur ces 786 cas, 31 ont des r\u00e9seaux vides, c&#8217;est-\u00e0-dire avec aucune personne.<\/p>\n<p><a href=\"#_ftnref3\" name=\"_ftn3\">[3]<\/a> Les d\u00e9nominations <em>Amical masculin<\/em> et <em>Amical f\u00e9minin<\/em> ont \u00e9t\u00e9 d\u00e9finies sur la base de nos r\u00e9sultats. Les personnes ayant un r\u00e9seau constitu\u00e9 du\/de la conjoint\u00b7e et d\u2019amis au masculin sont essentiellement des hommes. Celles dont le r\u00e9seau se compose des enfants et d\u2019amies au f\u00e9minin sont majoritairement des femmes.<\/p>\n<p><a href=\"#_ftnref4\" name=\"_ftn4\">[4]<\/a> La densit\u00e9 correspond au nombre de connections existantes divis\u00e9 par le nombre de connexions possibles entre les membres du r\u00e9seau. La centralit\u00e9 d&#8217;ego capture la proportion des connections qui inclut ego. Toutes les \u00e9chelles sont standardis\u00e9es par la taille du r\u00e9seau et varie entre 0 et 1.<\/p>\n<p><a href=\"#_ftnref5\" name=\"_ftn5\">[5]<\/a> Pour une description pr\u00e9cise des m\u00e9thodes statistiques employ\u00e9es, voir Aeby, Gauthier &amp; Widmer (2019).<\/p>\n<p><a href=\"#_ftnref6\" name=\"_ftn6\">[6]<\/a> Pr\u00e9nom fictif<\/p>\n<p><a href=\"#_ftnref7\" name=\"_ftn7\">[7]<\/a> Pr\u00e9nom fictif<\/p>\n","protected":false},"excerpt":{"rendered":"<p>Introduction A l&#8217;heure o\u00f9 les parcours de vie se pluralisent, on peut se demander dans quelle mesure ce ph\u00e9nom\u00e8ne se traduit \u00e9galement par une diversification des r\u00e9seaux de relations personnelles. Les relations familiales restent-elles centrales ou, au contraire, s&#8217;effacent-elles au profit d&#8217;autres liens en fonction de la survenance de transitions et \u00e9v\u00e9nements de vie particuliers\u00a0? [&hellip;]<\/p>\n","protected":false},"author":1,"featured_media":0,"comment_status":"closed","ping_status":"closed","sticky":false,"template":"","format":"standard","meta":{"_acf_changed":false,"footnotes":""},"categories":[20],"tags":[],"class_list":["post-1864","post","type-post","status-publish","format-standard","hentry","category-famille"],"acf":[],"_links":{"self":[{"href":"https:\/\/www.socialchangeswitzerland.ch\/index.php?rest_route=\/wp\/v2\/posts\/1864","targetHints":{"allow":["GET"]}}],"collection":[{"href":"https:\/\/www.socialchangeswitzerland.ch\/index.php?rest_route=\/wp\/v2\/posts"}],"about":[{"href":"https:\/\/www.socialchangeswitzerland.ch\/index.php?rest_route=\/wp\/v2\/types\/post"}],"author":[{"embeddable":true,"href":"https:\/\/www.socialchangeswitzerland.ch\/index.php?rest_route=\/wp\/v2\/users\/1"}],"replies":[{"embeddable":true,"href":"https:\/\/www.socialchangeswitzerland.ch\/index.php?rest_route=%2Fwp%2Fv2%2Fcomments&post=1864"}],"version-history":[{"count":1,"href":"https:\/\/www.socialchangeswitzerland.ch\/index.php?rest_route=\/wp\/v2\/posts\/1864\/revisions"}],"predecessor-version":[{"id":3353,"href":"https:\/\/www.socialchangeswitzerland.ch\/index.php?rest_route=\/wp\/v2\/posts\/1864\/revisions\/3353"}],"wp:attachment":[{"href":"https:\/\/www.socialchangeswitzerland.ch\/index.php?rest_route=%2Fwp%2Fv2%2Fmedia&parent=1864"}],"wp:term":[{"taxonomy":"category","embeddable":true,"href":"https:\/\/www.socialchangeswitzerland.ch\/index.php?rest_route=%2Fwp%2Fv2%2Fcategories&post=1864"},{"taxonomy":"post_tag","embeddable":true,"href":"https:\/\/www.socialchangeswitzerland.ch\/index.php?rest_route=%2Fwp%2Fv2%2Ftags&post=1864"}],"curies":[{"name":"wp","href":"https:\/\/api.w.org\/{rel}","templated":true}]}}