{"id":2112,"date":"2020-10-12T14:52:21","date_gmt":"2020-10-12T12:52:21","guid":{"rendered":"https:\/\/www.socialchangeswitzerland.ch\/?p=2112"},"modified":"2022-12-19T17:03:00","modified_gmt":"2022-12-19T15:03:00","slug":"le-developpement-des-aspirations-professionnelles-des-jeunes-en-suisse","status":"publish","type":"post","link":"https:\/\/www.socialchangeswitzerland.ch\/?p=2112","title":{"rendered":"Le d\u00e9veloppement des aspirations professionnelles des jeunes en Suisse"},"content":{"rendered":"<h2>Introduction<\/h2>\n<p>La d\u00e9termination des aspirations et des objectifs professionnels joue un r\u00f4le essentiel \u00e0 l&#8217;adolescence. Les jeunes avec des objectifs professionnels clairs parviennent plus facilement \u00e0 choisir une formation et sont plus motiv\u00e9-e-s \u00e0 la r\u00e9ussir. Les aspirations professionnelles comptent \u00e9galement parmi les principaux facteurs qui d\u00e9terminent le statut professionnel acquis ult\u00e9rieurement.<\/p>\n<p>Les jeunes peuvent d\u00e9finir leurs aspirations professionnelles en fonction de caract\u00e9ristiques telles que le type d&#8217;activit\u00e9 souhait\u00e9e, ou en fonction du statut social et des possibilit\u00e9s de revenus offerts par la profession. Notre \u00e9tude se concentre sur cette deuxi\u00e8me dimension et examine le statut professionnel des m\u00e9tiers souhait\u00e9s par les jeunes. Elle fait r\u00e9f\u00e9rence \u00e0 la reconnaissance sociale accord\u00e9e aux diff\u00e9rentes professions et est \u00e9troitement li\u00e9e \u00e0 la position sociale des personnes qui l&#8217;exercent. Les professions de statut social \u00e9lev\u00e9 sont prestigieuses, bien r\u00e9mun\u00e9r\u00e9es et exercent une influence sur la soci\u00e9t\u00e9, tandis que les professions associ\u00e9es \u00e0 un faible statut social et \u00e0 un prestige r\u00e9duit sont associ\u00e9es \u00e0 des d\u00e9savantages sociaux (Weeden, 2002).<\/p>\n<p>Le r\u00f4le jou\u00e9 par le parcours scolaire et de formation dans l&#8217;\u00e9volution des aspirations professionnelles est d\u00e9terminant (voir Basler &amp; Kriesi, 2019). Cette question est particuli\u00e8rement pertinente pour la Suisse, car le syst\u00e8me \u00e9ducatif y est tr\u00e8s diff\u00e9renci\u00e9 et stratifi\u00e9 \u00e0 partir du secondaire (Buchmann et al., 2016). Le degr\u00e9 secondaire&nbsp;I et le degr\u00e9 secondaire&nbsp;II sont tous deux divis\u00e9s en diff\u00e9rents types de formation qui varient par leur niveau d&#8217;exigence et leurs possibilit\u00e9s d&#8217;affectation scolaire. Dans la plupart des cantons, les enfants sont d\u00e9j\u00e0 orient\u00e9s vers un type d&#8217;\u00e9cole secondaire \u00e0 l&#8217;\u00e2ge de 11 ou 12&nbsp;ans qui d\u00e9finit la suite de leur parcours de formation. En secondaire&nbsp;II post-obligatoire, les jeunes suivent une formation g\u00e9n\u00e9rale (gymnase) ou une formation professionnelle initiale (apprentissage). Or, ces fili\u00e8res se divisent en plus de 200&nbsp;m\u00e9tiers et ont des niveaux d&#8217;exigence diff\u00e9rents. Il est \u00e9vident que la place occup\u00e9e au sein du syst\u00e8me de formation et l&#8217;\u00e9volution des aspirations professionnelles sont \u00e9troitement li\u00e9es.<\/p>\n<h2>Le d\u00e9veloppement des aspirations professionnelles<\/h2>\n<p>Les souhaits professionnels exprim\u00e9s par les jeunes en Suisse ont d\u00e9j\u00e0 fait l&#8217;objet d&#8217;\u00e9tudes assez nombreuses&nbsp;; la plupart d&#8217;entre elles se consacrent \u00e0 un moment pr\u00e9cis et \u00e0 un \u00e2ge ou \u00e0 une ann\u00e9e d&#8217;\u00e9tude donn\u00e9s. Ainsi, plusieurs recherches ont montr\u00e9 que la majorit\u00e9 des jeunes souhaitaient exercer une profession genr\u00e9e (Becker &amp; Glauser, 2015&nbsp;; Buchmann &amp; Kriesi, 2012&nbsp;; Gianettoni, 2015&nbsp;; Guilley et al., 2019). En outre, les projets professionnels sont influenc\u00e9s par les centres d&#8217;int\u00e9r\u00eat, la personnalit\u00e9, la confiance en ses propres capacit\u00e9s, les valeurs et le type d&#8217;\u00e9tablissement secondaire fr\u00e9quent\u00e9 (Herzog, Neuenschwander &amp; Wannack, 2006&nbsp;; Hirschi, 2010). Les quelques \u00e9tudes portant sur l&#8217;\u00e9volution des aspirations professionnelles concernent des pays comme les \u00c9tats-Unis ou la Grande-Bretagne qui ont un syst\u00e8me scolaire diff\u00e9rent de celui de la Suisse. Dans ces pays, les aspirations professionnelles des jeunes sont souvent \u00e9lev\u00e9es et restent relativement identiques au fil du temps ou sont revues \u00e0 la baisse en ce qui concerne le statut professionnel vis\u00e9 (Furlong &amp; Biggart 1999&nbsp;; Lee &amp; Rojewski 2009&nbsp;; Shapka, Domene &amp; Keating, 2006). On sait qu&#8217;en Suisse et en Allemagne, les jeunes ont adapt\u00e9 leurs aspirations professionnelles jusqu&#8217;\u00e0 l&#8217;\u00e2ge d&#8217;environ 15&nbsp;ans aux possibilit\u00e9s qui leur sont offertes en fonction du niveau d&#8217;exigence du type d&#8217;\u00e9cole secondaire fr\u00e9quent\u00e9 (Heckhausen &amp; Tomasik 2002&nbsp;; Hirschi 2010&nbsp;; Hirschi &amp; Vondracek 2009&nbsp;; Tomasik, Hardy, Haase &amp; Heckhausen, 2009). En revanche, on compte peu d&#8217;\u00e9tudes sur l&#8217;\u00e9volution des aspirations professionnelles des jeunes apr\u00e8s leur entr\u00e9e dans le secondaire et sur le r\u00f4le jou\u00e9 par la formation post-obligatoire au degr\u00e9 secondaire&nbsp;II et donc par la scolarisation en formation professionnelle ou dans une \u00e9cole secondaire.<\/p>\n<p>D&#8217;un point de vue sociologique, le niveau des aspirations professionnelles d\u00e9pend de l&#8217;origine sociale et des r\u00e9sultats scolaires des jeunes. Les parents de milieux socio-\u00e9conomiques favoris\u00e9s, qui disposent en g\u00e9n\u00e9ral d&#8217;un niveau de formation \u00e9lev\u00e9, peuvent mieux soutenir leurs enfants \u00e0 l&#8217;\u00e9cole et souhaitent qu&#8217;ils suivent des \u00e9tudes plus exigeantes et exercent une profession plus prestigieuse que les parents issus d&#8217;un milieu socio-\u00e9conomique moins ais\u00e9s. Par cons\u00e9quent, les enfants issus de foyers ais\u00e9s obtiennent en moyenne de meilleurs r\u00e9sultats scolaires, fr\u00e9quentent des \u00e9coles plus exigeantes et ont des aspirations plus \u00e9lev\u00e9es (Kriesi &amp; Leemann, 2020).<\/p>\n<p>Dans le syst\u00e8me \u00e9ducatif suisse, le type d&#8217;\u00e9cole secondaire rev\u00eat une importance particuli\u00e8re. Les enfants sont affect\u00e9s tr\u00e8s t\u00f4t \u00e0 des niveaux de performance diff\u00e9rents. Le niveau de performance du type d&#8217;enseignement secondaire fr\u00e9quent\u00e9 est d\u00e9terminant tant en ce qui concerne les opportunit\u00e9s d&#8217;acc\u00e8s au gymnase que le choix des fili\u00e8res de formation accessibles aux jeunes en formation professionnelle initiale. L\u2019apprentissage, l&#8217;\u00e9cole de culture g\u00e9n\u00e9rale ou l&#8217;\u00e9cole de maturit\u00e9 gymnasiale choisi d\u00e9terminent quant \u00e0 eux les formations et professions accessibles facilement par la suite (Buchmann et al. 2016). Les jeunes per\u00e7oivent les r\u00f4les sociaux et les postes qui correspondent \u00e0 leur situation dans le syst\u00e8me \u00e9ducatif et les possibilit\u00e9s qui leur sont offertes. Ils et elles adaptent donc leurs aspirations professionnelles aux possibilit\u00e9s per\u00e7ues (Heckhausen &amp; Buchmann 2018). Dans le m\u00eame temps, ils sont \u00e9galement invit\u00e9s \u00e0 fixer leurs objectifs professionnels au niveau le plus haut possible parmi les options d\u00e9finies comme r\u00e9alistes et \u00e0 choisir le statut social atteignable maximum (Tomasik et al. 2009).<\/p>\n<p>Le d\u00e9veloppement des objectifs professionnels est un processus dynamique et les aspirations de carri\u00e8re peuvent \u00e9voluer au fil du temps. Heckhausen (2002) postule que le processus d&#8217;\u00e9tablissement des objectifs professionnels diff\u00e8re avant et apr\u00e8s des \u00e9tapes importantes dans le d\u00e9roulement de la formation. Avant d&#8217;entrer dans l&#8217;enseignement professionnel ou \u00e0 l&#8217;\u00e9cole de culture g\u00e9n\u00e9rale, par exemple, les jeunes se fixent des objectifs professionnels les plus hauts possibles parmi les options jug\u00e9es r\u00e9alisables. Si cette transition n&#8217;a pas \u00e9t\u00e9 ma\u00eetris\u00e9e avec succ\u00e8s, par exemple parce que les jeunes n&#8217;ont pas trouv\u00e9 d&#8217;apprentissage dans la profession souhait\u00e9e, ils ou elles doivent faire des compromis et revoir leurs aspirations \u00e0 la baisse. En revanche, les transitions r\u00e9ussies renforcent les moyens d&#8217;action des jeunes et transforment leur champ d&#8217;exp\u00e9rience sociale (Tomasik et al. 2009). Cette situation cr\u00e9e des conditions favorables pour maintenir, voire relever, les aspirations professionnelles li\u00e9es au statut social. Ce sont surtout les jeunes qui ont suivi un enseignement secondaire avec des exigences \u00e9l\u00e9mentaires et un apprentissage professionnel avec des exigences plut\u00f4t basses ou moyennes qui en profitent. Le contact avec le monde du travail et l&#8217;obtention d&#8217;un dipl\u00f4me \u00e9largissent leurs perspectives et favorisent leur prise de conscience concernant l&#8217;\u00e9ventail des possibilit\u00e9s professionnelles qui leur sont offertes et qui d\u00e9pendent souvent de l&#8217;accomplissement d&#8217;une autre formation de degr\u00e9 tertiaire (Basler &amp; Kriesi 2019).<\/p>\n<h2>Donn\u00e9es et m\u00e9thode d&#8217;analyse<\/h2>\n<p>Nous utilisons les donn\u00e9es de l&#8217;enqu\u00eate COCON sur les enfants et la jeunesse<a href=\"#_ftn1\" name=\"_ftnref1\">[1]<\/a>. Cette \u00e9tude longitudinale interdisciplinaire se penche sur les conditions sociales, le d\u00e9veloppement psychosocial et les parcours \u00e9ducatifs des enfants et des adolescent-e-s selon la perspective du parcours de vie. Elle a \u00e9t\u00e9 effectu\u00e9e en Suisse al\u00e9manique et romande et porte sur trois cohortes n\u00e9es en 1984\/85, en 1990\/91 et en 1999\/2000. Outre les enfants et les jeunes eux-m\u00eames, parents et enseignant-e-s ont \u00e9galement \u00e9t\u00e9 interrog\u00e9-e-s.<\/p>\n<p>Pour nos analyses, nous avons utilis\u00e9 les donn\u00e9es de jeunes n\u00e9-e-s entre septembre&nbsp;1990 et avril&nbsp;1991. Ils et elles ont \u00e9t\u00e9 interrog\u00e9-e-s pour la premi\u00e8re fois en 2006 \u00e0 l&#8217;\u00e2ge de 15&nbsp;ans, avant la fin de la scolarit\u00e9 obligatoire, dans le cadre d&#8217;entretiens personnels. Les enqu\u00eates de suivi ont eu lieu en 2007, 2009 et 2012, lorsque les jeunes avaient 16, 18 et 21&nbsp;ans. Pour les analyses, nous nous basons sur les donn\u00e9es de 1011&nbsp;jeunes qui ont commenc\u00e9 une formation post-obligatoire jusqu&#8217;\u00e0 l&#8217;\u00e2ge de 18&nbsp;ans et pour lesquel-le-s nous disposons d&#8217;informations sur la profession souhait\u00e9e. Lors de chaque enqu\u00eate, nous avons demand\u00e9 aux jeunes quel m\u00e9tier ils et elles apprendraient s&#8217;ils et elles pouvaient choisir librement. Les d\u00e9signations professionnelles ont \u00e9t\u00e9 cod\u00e9es selon la nomenclature suisse des professions&nbsp;2000 de l&#8217;Office f\u00e9d\u00e9ral de la statistique (NSP 2000).<\/p>\n<p>Pour d\u00e9terminer le statut social des professions souhait\u00e9es, nous nous sommes bas\u00e9es sur l&#8217;indice socio-\u00e9conomique international du statut professionnel ISEI (Ganzeboom, De Graaf &amp; Treiman, 1992). Cet indice place les professions sur un continuum de 16 \u00e0 90&nbsp;points, les professions \u00e0 faible statut, comme travailleur agricole saisonnier, totalisant un score bas alors que les professions \u00e0 statut social \u00e9lev\u00e9, par exemple les m\u00e9decins, obtiennent un score \u00e9lev\u00e9. La place occup\u00e9e par une profession sur ce continuum d\u00e9pend du niveau de formation requis et des revenus que cette profession peut g\u00e9n\u00e9rer.<\/p>\n<p>Pour d\u00e9terminer si le d\u00e9veloppement des aspirations professionnelles est li\u00e9 au parcours scolaire et \u00e0 d&#8217;autres facteurs d&#8217;influence \u00e9ventuels, nous avons \u00e9valu\u00e9 des mod\u00e8les lin\u00e9aires multiniveaux avec r\u00e9p\u00e9tition des mesures.<a href=\"#_ftn2\" name=\"_ftnref2\">[2]<\/a><\/p>\n<p>Du c\u00f4t\u00e9 des facteurs d&#8217;influence possibles, le type d&#8217;enseignement secondaire fr\u00e9quent\u00e9 et le type de formation post-obligatoire sont au premier rang. Nous avons distingu\u00e9 les types d&#8217;\u00e9coles secondaires avec des exigences \u00e9lev\u00e9es (par ex. gymnases de longue dur\u00e9e, pr\u00e9gymnase), exigences \u00e9tendues (par ex. type&nbsp;E), exigences \u00e9l\u00e9mentaires (par ex. type&nbsp;C,) ainsi que le type non divis\u00e9 qui ne diff\u00e8re pas selon les niveaux de performance (par ex. cycle d&#8217;orientation).<a href=\"#_ftn3\" name=\"_ftnref3\">[3]<\/a> En ce qui concerne la premi\u00e8re formation post-obligatoire, nous avons distingu\u00e9 les formations professionnelles initiales (FPI) de niveau d&#8217;exigence intellectuelle bas ou moyen (voir Stalder 2011, niveaux&nbsp;1-4), les formations professionnelles initiales de niveau d&#8217;exigence intellectuelle \u00e9lev\u00e9 (Stalder 2011, niveaux&nbsp;5-6), l&#8217;\u00e9cole de culture g\u00e9n\u00e9rale ainsi que le gymnase.<\/p>\n<p>En outre, les mod\u00e8les contr\u00f4lent le niveau de formation des parents (un parent au moins est-il au b\u00e9n\u00e9fice d\u2019une formation tertiaire), les r\u00e9sultats scolaires \u00e0 la fin de l&#8217;enseignement secondaire (moyenne en math\u00e9matiques et note en allemand\/en fran\u00e7ais), les capacit\u00e9s cognitives de base, le sexe, le contexte migratoire et le statut professionnel \u00e0 21&nbsp;ans.<\/p>\n<h2>M\u00e9tiers souhait\u00e9s \u00e0 l&#8217;\u00e2ge de 15 et 21 ans<\/h2>\n<p>Le graphique&nbsp;1 pr\u00e9sente les dix m\u00e9tiers pr\u00e9f\u00e9r\u00e9s des filles et des gar\u00e7ons ainsi que leur statut professionnel \u00e0 l&#8217;\u00e2ge de 15 et 21&nbsp;ans. Les filles pr\u00e9f\u00e8rent devenir employ\u00e9es commerciales \u00e0 la fin de la scolarit\u00e9 obligatoire. Viennent ensuite les m\u00e9tiers de m\u00e9decin, d&#8217;\u00e9ducatrice de la petite enfance, d&#8217;assistante en soins et sant\u00e9 communautaire, d&#8217;enseignante en primaire, de travailleuse en jardin d&#8217;enfants, d&#8217;avocate, d&#8217;employ\u00e9e de commerce de d\u00e9tail, de styliste et de v\u00e9t\u00e9rinaire. M\u00eame si l&#8217;ordre de ces dix professions change plus tard, sept d&#8217;entre elles font \u00e9galement partie des professions pr\u00e9f\u00e9r\u00e9es des jeunes femmes de 21&nbsp;ans. \u00c0 l&#8217;\u00e2ge de 21&nbsp;ans, les professions de physioth\u00e9rapeute, de polici\u00e8re et de d\u00e9coratrice d&#8217;int\u00e9rieur viennent s&#8217;ajouter \u00e0 la liste. En revanche, les m\u00e9tiers d&#8217;employ\u00e9e commerciale, d&#8217;employ\u00e9e du commerce de d\u00e9tail et de v\u00e9t\u00e9rinaire disparaissent du top&nbsp;10.<\/p>\n<p>\u00c0 15&nbsp;ans, les gar\u00e7ons veulent le plus souvent devenir informaticiens, sportifs professionnels, m\u00e9caniciens automobiles, commerciaux ou avocats. Les professions de cuisinier, d&#8217;architecte, d&#8217;\u00e9lectricien, de menuisier ou de pilote sont \u00e9galement tr\u00e8s pris\u00e9es. Six ans plus tard, les aspirations les plus courantes ont chang\u00e9 et sont plus \u00e9lev\u00e9es. Au lieu des m\u00e9tiers d&#8217;apprentissage au statut social plut\u00f4t bas, les gar\u00e7ons ambitionnent d\u00e9sormais plus souvent d&#8217;exercer les m\u00e9tiers plus prestigieux de manager, d&#8217;enseignant du primaire, d&#8217;ing\u00e9nieur, de policier, de professeur de sport ou de m\u00e9decin.<\/p>\n<p><a href=\"https:\/\/www.socialchangeswitzerland.ch\/wp-content\/uploads\/2020\/10\/Graphique_1.png\"><img loading=\"lazy\" decoding=\"async\" class=\"alignnone wp-image-2128\" src=\"https:\/\/www.socialchangeswitzerland.ch\/wp-content\/uploads\/2020\/10\/Graphique_1-921x1024.png\" alt=\"\" width=\"674\" height=\"749\" srcset=\"https:\/\/www.socialchangeswitzerland.ch\/wp-content\/uploads\/2020\/10\/Graphique_1-921x1024.png 921w, https:\/\/www.socialchangeswitzerland.ch\/wp-content\/uploads\/2020\/10\/Graphique_1-270x300.png 270w, https:\/\/www.socialchangeswitzerland.ch\/wp-content\/uploads\/2020\/10\/Graphique_1-768x854.png 768w, https:\/\/www.socialchangeswitzerland.ch\/wp-content\/uploads\/2020\/10\/Graphique_1.png 1272w\" sizes=\"auto, (max-width: 674px) 100vw, 674px\" \/><\/a><\/p>\n<p>Le graphique&nbsp;2 indique que les jeunes, surtout les gar\u00e7ons, souhaitent exercer des professions de statut social plus \u00e9lev\u00e9 \u00e0 21&nbsp;ans qu&#8217;\u00e0 15&nbsp;ans. Il montre de mani\u00e8re distincte l&#8217;\u00e9volution du statut social moyen des professions souhait\u00e9es pour les femmes et les hommes. \u00c0 partir de 18&nbsp;ans, les gar\u00e7ons ont des aspirations professionnelles nettement plus \u00e9lev\u00e9es que les filles (+&nbsp;3,4&nbsp;points). \u00c0 l&#8217;\u00e2ge de 15&nbsp;ans, cet \u00e9cart \u00e9tait encore moins marqu\u00e9, m\u00eame si le statut social moyen des emplois souhait\u00e9s par les filles \u00e9tait d\u00e9j\u00e0 inf\u00e9rieur de 1,75&nbsp;point \u00e0 celui des m\u00e9tiers ambitionn\u00e9s par les gar\u00e7ons du m\u00eame \u00e2ge.<\/p>\n<p><a href=\"https:\/\/www.socialchangeswitzerland.ch\/wp-content\/uploads\/2020\/10\/Graphique_2.png\"><img loading=\"lazy\" decoding=\"async\" class=\"alignnone wp-image-2129\" src=\"https:\/\/www.socialchangeswitzerland.ch\/wp-content\/uploads\/2020\/10\/Graphique_2-1024x632.png\" alt=\"\" width=\"674\" height=\"416\" srcset=\"https:\/\/www.socialchangeswitzerland.ch\/wp-content\/uploads\/2020\/10\/Graphique_2-1024x632.png 1024w, https:\/\/www.socialchangeswitzerland.ch\/wp-content\/uploads\/2020\/10\/Graphique_2-300x185.png 300w, https:\/\/www.socialchangeswitzerland.ch\/wp-content\/uploads\/2020\/10\/Graphique_2-768x474.png 768w, https:\/\/www.socialchangeswitzerland.ch\/wp-content\/uploads\/2020\/10\/Graphique_2.png 1258w\" sizes=\"auto, (max-width: 674px) 100vw, 674px\" \/><\/a><\/p>\n<h2>Le type de formation post-obligatoire est d\u00e9terminant<\/h2>\n<p>Comme le montre le graphique&nbsp;3, le d\u00e9veloppement des aspirations professionnelles en mati\u00e8re de statut social est \u00e9troitement li\u00e9 au type de formation post-obligatoire. Les jeunes qui, apr\u00e8s l&#8217;\u00e9cole obligatoire, suivent un apprentissage d&#8217;un niveau d&#8217;exigence bas ou moyen souhaitent exercer des m\u00e9tiers associ\u00e9s \u00e0 un statut social nettement inf\u00e9rieur \u00e0 celui des jeunes qui fr\u00e9quentent le gymnase. Apr\u00e8s l&#8217;entr\u00e9e en secondaire&nbsp;II, les jeunes qui passent \u00e0 un type de formation moins exigeant, par exemple du gymnase \u00e0 un apprentissage professionnel, changent leurs souhaits professionnels et abaissent leurs aspirations.<\/p>\n<p>Les diff\u00e9rences d&#8217;aspiration diminuent avec l&#8217;\u00e2ge entre les trois groupes de formation. \u00c0 15&nbsp;ans, la diff\u00e9rence moyenne de statut social entre les gymnasien-ne-s d&#8217;une part et les \u00e9l\u00e8ves suivant des formations de niveau d&#8217;exigence bas\/moyen d&#8217;autre part \u00e9tait de 18&nbsp;points. Six ans plus tard, cet \u00e9cart n&#8217;\u00e9tait plus que de 12&nbsp;points. Cette diminution de l&#8217;\u00e9cart est due au fait que les gymnasien-ne-s abaissent en g\u00e9n\u00e9ral l\u00e9g\u00e8rement leurs aspirations de statut social, tandis que les dipl\u00f4m\u00e9-e-s ayant commenc\u00e9 une formation professionnelle, et en particulier les gar\u00e7ons qui suivent une formation ayant des exigences &nbsp;basses ou moyennes, revoient consid\u00e9rablement \u00e0 la hausse leurs ambitions professionnelles. La divergence de cette \u00e9volution peut potentiellement s&#8217;expliquer par le fait que les gymnasien-ne-s ne doivent prendre des d\u00e9cisions concernant leur formation professionnelle qu&#8217;\u00e0 l&#8217;\u00e2ge de 18&nbsp;ans environ, et deviennent donc plus r\u00e9alistes \u00e0 cet \u00e2ge. Apr\u00e8s l&#8217;entr\u00e9e en formation professionnelle initiale, les apprenti-e-s acqui\u00e8rent une exp\u00e9rience pr\u00e9cieuse et \u00e9largissent leurs connaissances sur les autres possibilit\u00e9s qui leur sont facilement accessibles gr\u00e2ce \u00e0 leur formation.<\/p>\n<p><a href=\"https:\/\/www.socialchangeswitzerland.ch\/wp-content\/uploads\/2020\/10\/Grafique_3_new.png\"><img loading=\"lazy\" decoding=\"async\" class=\"alignnone wp-image-2139\" src=\"https:\/\/www.socialchangeswitzerland.ch\/wp-content\/uploads\/2020\/10\/Grafique_3_new-1024x666.png\" alt=\"\" width=\"674\" height=\"439\" srcset=\"https:\/\/www.socialchangeswitzerland.ch\/wp-content\/uploads\/2020\/10\/Grafique_3_new-1024x666.png 1024w, https:\/\/www.socialchangeswitzerland.ch\/wp-content\/uploads\/2020\/10\/Grafique_3_new-300x195.png 300w, https:\/\/www.socialchangeswitzerland.ch\/wp-content\/uploads\/2020\/10\/Grafique_3_new-768x500.png 768w, https:\/\/www.socialchangeswitzerland.ch\/wp-content\/uploads\/2020\/10\/Grafique_3_new.png 1171w\" sizes=\"auto, (max-width: 674px) 100vw, 674px\" \/><\/a><\/p>\n<p>Les graphiques&nbsp;4 et 5 illustrent l&#8217;\u00e9volution des aspirations relatives au statut social sur la base des cinq souhaits de carri\u00e8re les plus fr\u00e9quents des filles et des gar\u00e7ons ayant suivi des formations diff\u00e9rentes. \u00c0 l&#8217;\u00e2ge de 15&nbsp;ans, les gymnasiennes souhaitent le plus souvent devenir m\u00e9decin ou v\u00e9t\u00e9rinaire, avocate, professeure en primaire ou physioth\u00e9rapeute. Six ans plus tard, les professions de physioth\u00e9rapeute et de v\u00e9t\u00e9rinaire ne font plus partie des cinq carri\u00e8res les plus convoit\u00e9es, et sont remplac\u00e9es par les professions plus prestigieuses de pharmacien et de psychologue.<\/p>\n<p>Les jeunes femmes qui suivent une formation professionnelle exigeante ou fr\u00e9quentent une \u00e9cole de culture g\u00e9n\u00e9rale ont des souhaits professionnels un peu moins ambitieux que les futures gymnasiennes. Comme souhaits de carri\u00e8re les plus fr\u00e9quents, elles indiquent les m\u00e9tiers d&#8217;employ\u00e9e commerciale, \u00e9ducatrice de la petite enfance, de styliste, d&#8217;enseignante en primaire et d&#8217;assistante en soins et sant\u00e9 communautaire. Six ans plus tard, m\u00e9decin et travailleuse sociale viennent s&#8217;ajouter \u00e0 la liste.<\/p>\n<p>Les \u00e9l\u00e8ves qui commencent une formation professionnelle initiale avec des exigences basses ou moyennes ont des aspirations de carri\u00e8re nettement plus basses en mati\u00e8re de statut social que les deux autres groupes. Elles indiquent comme professions favorites assistante en soins et sant\u00e9 communautaire, employ\u00e9e du commerce de d\u00e9tail, \u00e9ducatrice de la petite enfance, assistante m\u00e9dicale ou fleuriste. Six ans plus tard, outre les m\u00e9tiers relativement peu prestigieux de coiffeuse, d&#8217;esth\u00e9ticienne et d&#8217;assistance en soins et sant\u00e9 communautaire, ce sont les m\u00e9tiers \u00e0 statut social plus \u00e9lev\u00e9 de polici\u00e8re et de m\u00e9decin qui dominent.<\/p>\n<p>Chez les gar\u00e7ons, les futurs titulaires d&#8217;une maturit\u00e9, quel que soit leur \u00e2ge, souhaitent plut\u00f4t exercer des professions de cat\u00e9gorie socioprofessionnelle \u00e9lev\u00e9e qui exigent majoritairement d&#8217;obtenir une maturit\u00e9. \u00c0 15&nbsp;ans, sportif professionnel, avocat, architecte, informaticien ou ing\u00e9nieur font partie des m\u00e9tiers favoris. \u00c0 l&#8217;\u00e2ge de 21&nbsp;ans, les professions de pilote, de m\u00e9decin et de musicien figurent en t\u00eate de liste (voir le graphique&nbsp;5). En plus de la profession d&#8217;informaticien, les gar\u00e7ons qui suivent une formation professionnelle initiale assortie d&#8217;exigences \u00e9lev\u00e9es aspirent \u00e0 exercer des m\u00e9tiers de statut socioprofessionnel l\u00e9g\u00e8rement sup\u00e9rieur, tels que commercial, laborantin en chimie ou dessinateur en b\u00e2timent. Six ans plus tard, ils se fixent des objectifs nettement plus \u00e9lev\u00e9s et souhaitent souvent devenir pilotes ou architectes, comme les gymnasiens. Les m\u00e9tiers d&#8217;informaticien ou de designer industriel sont \u00e9galement souvent cit\u00e9s. \u00c0 l&#8217;\u00e2ge de 15&nbsp;ans, les gar\u00e7ons qui suivent une formation professionnelle initiale associ\u00e9e \u00e0 des exigences basses ou moyennes veulent le plus souvent devenir informaticiens ou exercer une profession d&#8217;artisan de statut social plut\u00f4t bas. \u00c0 21&nbsp;ans, ils souhaitent exercer une profession de cat\u00e9gorie socioprofessionnelle nettement plus \u00e9lev\u00e9e, comme pilote, policier, sportif professionnel, technicien ou manager.<\/p>\n<p><a href=\"https:\/\/www.socialchangeswitzerland.ch\/wp-content\/uploads\/2020\/10\/Graphique_4.png\"><img loading=\"lazy\" decoding=\"async\" class=\"alignnone wp-image-2131\" src=\"https:\/\/www.socialchangeswitzerland.ch\/wp-content\/uploads\/2020\/10\/Graphique_4-815x1024.png\" alt=\"\" width=\"674\" height=\"847\" srcset=\"https:\/\/www.socialchangeswitzerland.ch\/wp-content\/uploads\/2020\/10\/Graphique_4-815x1024.png 815w, https:\/\/www.socialchangeswitzerland.ch\/wp-content\/uploads\/2020\/10\/Graphique_4-239x300.png 239w, https:\/\/www.socialchangeswitzerland.ch\/wp-content\/uploads\/2020\/10\/Graphique_4-768x965.png 768w, https:\/\/www.socialchangeswitzerland.ch\/wp-content\/uploads\/2020\/10\/Graphique_4.png 1162w\" sizes=\"auto, (max-width: 674px) 100vw, 674px\" \/><\/a><\/p>\n<p><img loading=\"lazy\" decoding=\"async\" class=\"alignnone wp-image-2132\" src=\"https:\/\/www.socialchangeswitzerland.ch\/wp-content\/uploads\/2020\/10\/Graphique_5-804x1024.png\" alt=\"\" width=\"674\" height=\"858\" srcset=\"https:\/\/www.socialchangeswitzerland.ch\/wp-content\/uploads\/2020\/10\/Graphique_5-804x1024.png 804w, https:\/\/www.socialchangeswitzerland.ch\/wp-content\/uploads\/2020\/10\/Graphique_5-236x300.png 236w, https:\/\/www.socialchangeswitzerland.ch\/wp-content\/uploads\/2020\/10\/Graphique_5-768x978.png 768w, https:\/\/www.socialchangeswitzerland.ch\/wp-content\/uploads\/2020\/10\/Graphique_5.png 1142w\" sizes=\"auto, (max-width: 674px) 100vw, 674px\" \/><\/p>\n<p>Outre le sexe et le type de formation de niveau secondaire&nbsp;II, les r\u00e9sultats scolaires, le niveau d&#8217;exigence du type d&#8217;\u00e9cole secondaire et l&#8217;origine sociale jouent \u00e9galement un r\u00f4le dans les aspirations en mati\u00e8re de statut social. Les jeunes qui ont obtenu de bonnes notes \u00e0 l&#8217;\u00e9cole secondaire et qui ont fr\u00e9quent\u00e9 une \u00e9cole d&#8217;un niveau tr\u00e8s exigeant souhaitent exercer une profession de cat\u00e9gorie socioprofessionnelle plus \u00e9lev\u00e9e que les jeunes ayant des notes moins bonnes et ayant fr\u00e9quent\u00e9 des types d&#8217;\u00e9coles secondaires moins exigeants, et ce, ind\u00e9pendamment du d\u00e9roulement ult\u00e9rieur de la formation.<\/p>\n<p>L&#8217;origine sociale, refl\u00e9t\u00e9e par la formation des parents, est \u00e9galement d\u00e9terminante. Les jeunes dont les parents sont titulaires d&#8217;un dipl\u00f4me de formation tertiaire souhaitent, m\u00eame en cas de type d&#8217;\u00e9cole et de r\u00e9sultats scolaires comparables, exercer une profession l\u00e9g\u00e8rement plus prestigieuse que les jeunes dont les parents ont atteint au maximum le degr\u00e9 secondaire&nbsp;II. Un haut niveau de formation chez les parents conduit donc les jeunes \u00e0 se fixer des objectifs professionnels plus \u00e9lev\u00e9s.<\/p>\n<h2>Conclusions<\/h2>\n<p>En r\u00e9sum\u00e9, nos r\u00e9sultats montrent que les aspirations socioprofessionnelles des jeunes sont \u00e9troitement li\u00e9es au parcours scolaire et au sexe. Les filles ont des objectifs professionnels moins ambitieux que les gar\u00e7ons. Cet \u00e9tat de fait contribue \u00e0 ce que les filles, malgr\u00e9 leur plus grande r\u00e9ussite \u00e0 l&#8217;\u00e9cole, se retrouvent rapidement distanc\u00e9es sur le march\u00e9 du travail par leurs coll\u00e8gues masculins du m\u00eame \u00e2ge, notamment en ce qui concerne le poste occup\u00e9 et les revenus (Bertschy 2016&nbsp;; Combet &amp; Oesch 2019&nbsp;; Gr\u00f8nning, Kriesi &amp; Sacchi 2020).<\/p>\n<p>Il est \u00e9galement important de noter que suivre un enseignement secondaire avec un niveau d\u2019exigence plut\u00f4t bas ou un apprentissage aux exigences basses ou moyennes s&#8217;accompagne d&#8217;aspirations professionnelles beaucoup plus modestes en termes de statut social que de suivre un enseignement secondaire aux exigences \u00e9lev\u00e9es ou d\u2019\u00eatre admis au gymnase. En d&#8217;autres termes, les jeunes adaptent tr\u00e8s t\u00f4t leurs objectifs professionnels aux possibilit\u00e9s qu&#8217;ils et elles per\u00e7oivent comme r\u00e9alisables sur la base de leur parcours scolaire. Il est \u00e9galement possible que les aspirations professionnelles influencent le choix du type d&#8217;\u00e9cole secondaire, mais nous estimons que c&#8217;est peu probable. Dans la plupart des cantons, l&#8217;affectation en degr\u00e9 secondaire&nbsp;I a d\u00e9j\u00e0 lieu \u00e0 l&#8217;\u00e2ge de 11 ou 12&nbsp;ans et d\u00e9pend fortement des notes obtenues \u00e0 l&#8217;\u00e9cole (Buchmann et al. 2016). \u00c0 cet \u00e2ge, les souhaits professionnels des enfants sont encore vagues et peu r\u00e9alistes. En revanche, il est tout \u00e0 fait plausible que les jeunes qui suivent des types de formation \u00e0 basses exigences scolaires aient comme point de r\u00e9f\u00e9rence les formations professionnelles de faible statut social pour le d\u00e9veloppement de leurs objectifs professionnels. L&#8217;admission \u00e0 une formation professionnelle et les nouvelles exp\u00e9riences qui en d\u00e9coulent permettent aux jeunes de red\u00e9finir leurs objectifs professionnels et de nettement les rehausser. La possibilit\u00e9 de les atteindre d\u00e9pend de la perm\u00e9abilit\u00e9 du syst\u00e8me \u00e9ducatif.<\/p>\n<p>La cr\u00e9ation de la maturit\u00e9 professionnelle et des hautes \u00e9coles sp\u00e9cialis\u00e9es dans les ann\u00e9es&nbsp;1990 a nettement am\u00e9lior\u00e9 la perm\u00e9abilit\u00e9 verticale de la formation professionnelle dans les hautes \u00e9coles. Les obstacles \u00e0 l&#8217;admission aux hautes \u00e9coles, mais aussi \u00e0 la formation professionnelle sup\u00e9rieure, restent cependant consid\u00e9rables pour une partie des apprenti-e-s scolaris\u00e9-e-s dans le syst\u00e8me de formation professionnelle (Kriesi &amp; Leemann 2020&nbsp;; Trede et al. 2020&nbsp;; Sander &amp; Kriesi, \u00e0 para\u00eetre). Cela laisse supposer que ces barri\u00e8res institutionnelles emp\u00eachent une partie des jeunes de r\u00e9aliser les aspirations professionnelles qu&#8217;ils et elles ont revues \u00e0 la hausse au cours de leur formation initiale. La suppression de ces obstacles pourrait donc contribuer \u00e0 att\u00e9nuer l&#8217; pr\u00e9coce des jeunes favoris\u00e9e par le syst\u00e8me \u00e9ducatif et \u00e0 faciliter les changements d&#8217;orientation en cours de carri\u00e8re et de formation.<\/p>\n<p>&nbsp;<\/p>\n<p>&nbsp;<\/p>\n<p>&nbsp;<\/p>\n<p><a href=\"#_ftnref1\" name=\"_ftn1\">[1]<\/a> &nbsp;&nbsp;&nbsp; Voir <a href=\"https:\/\/www.jacobscenter.uzh.ch\/de\/research\/cocon.html\">https:\/\/www.jacobscenter.uzh.ch\/fr\/research\/cocon.html<\/a> (derni\u00e8re consultation le 5&nbsp;juin 2020).<\/p>\n<p><a href=\"#_ftnref2\" name=\"_ftn2\">[2]<\/a> &nbsp;&nbsp;&nbsp; Cette m\u00e9thode de l&#8217;analyse de r\u00e9gression permet d&#8217;\u00e9tudier les changements au fil du temps. En outre, elle nous permet de d\u00e9terminer simultan\u00e9ment l&#8217;importance des diff\u00e9rents facteurs d&#8217;influence. Les mod\u00e8les tiennent compte du cycle d&#8217;enqu\u00eate au premier niveau et des jeunes interrog\u00e9-e-s au deuxi\u00e8me niveau. Afin de mod\u00e9liser l&#8217;\u00e9volution variable des aspirations en fonction du type de formation, nous avons \u00e9valu\u00e9 des mod\u00e8les de courbes de croissance avec des interactions temporelles.<\/p>\n<p><a href=\"#_ftnref3\" name=\"_ftn3\">[3]<\/a> &nbsp;&nbsp;&nbsp; Pour un aper\u00e7u d\u00e9taill\u00e9 des syst\u00e8mes d&#8217;enseignement secondaire de chaque canton, voir <a href=\"https:\/\/www.edk.ch\/dyn\/12318.php\">https:\/\/www.edk.ch\/dyn\/15425.php<\/a> (derni\u00e8re consultation le 12.08.20).<\/p>\n","protected":false},"excerpt":{"rendered":"<p>Introduction La d\u00e9termination des aspirations et des objectifs professionnels joue un r\u00f4le essentiel \u00e0 l&#8217;adolescence. Les jeunes avec des objectifs professionnels clairs parviennent plus facilement \u00e0 choisir une formation et sont plus motiv\u00e9-e-s \u00e0 la r\u00e9ussir. Les aspirations professionnelles comptent \u00e9galement parmi les principaux facteurs qui d\u00e9terminent le statut professionnel acquis ult\u00e9rieurement. Les jeunes peuvent [&hellip;]<\/p>\n","protected":false},"author":3,"featured_media":0,"comment_status":"closed","ping_status":"closed","sticky":false,"template":"","format":"standard","meta":{"_acf_changed":false,"footnotes":""},"categories":[15],"tags":[],"class_list":["post-2112","post","type-post","status-publish","format-standard","hentry","category-education"],"acf":[],"_links":{"self":[{"href":"https:\/\/www.socialchangeswitzerland.ch\/index.php?rest_route=\/wp\/v2\/posts\/2112","targetHints":{"allow":["GET"]}}],"collection":[{"href":"https:\/\/www.socialchangeswitzerland.ch\/index.php?rest_route=\/wp\/v2\/posts"}],"about":[{"href":"https:\/\/www.socialchangeswitzerland.ch\/index.php?rest_route=\/wp\/v2\/types\/post"}],"author":[{"embeddable":true,"href":"https:\/\/www.socialchangeswitzerland.ch\/index.php?rest_route=\/wp\/v2\/users\/3"}],"replies":[{"embeddable":true,"href":"https:\/\/www.socialchangeswitzerland.ch\/index.php?rest_route=%2Fwp%2Fv2%2Fcomments&post=2112"}],"version-history":[{"count":2,"href":"https:\/\/www.socialchangeswitzerland.ch\/index.php?rest_route=\/wp\/v2\/posts\/2112\/revisions"}],"predecessor-version":[{"id":3340,"href":"https:\/\/www.socialchangeswitzerland.ch\/index.php?rest_route=\/wp\/v2\/posts\/2112\/revisions\/3340"}],"wp:attachment":[{"href":"https:\/\/www.socialchangeswitzerland.ch\/index.php?rest_route=%2Fwp%2Fv2%2Fmedia&parent=2112"}],"wp:term":[{"taxonomy":"category","embeddable":true,"href":"https:\/\/www.socialchangeswitzerland.ch\/index.php?rest_route=%2Fwp%2Fv2%2Fcategories&post=2112"},{"taxonomy":"post_tag","embeddable":true,"href":"https:\/\/www.socialchangeswitzerland.ch\/index.php?rest_route=%2Fwp%2Fv2%2Ftags&post=2112"}],"curies":[{"name":"wp","href":"https:\/\/api.w.org\/{rel}","templated":true}]}}